{"id":7743,"date":"2017-11-17T08:19:35","date_gmt":"2017-11-17T08:19:35","guid":{"rendered":"http:\/\/nlki.hu\/?p=7743"},"modified":"2019-03-25T07:28:29","modified_gmt":"2019-03-25T07:28:29","slug":"roplabda-sikerek-a-nagy-laszlo-kozepiskolaban","status":"publish","type":"post","link":"http:\/\/nlki.hu\/?p=7743","title":{"rendered":"R\u00d6PLABDA SIKEREK A NAGY L\u00c1SZL\u00d3 K\u00d6Z\u00c9PISKOL\u00c1BAN"},"content":{"rendered":"<p>Iskol\u00e1nk fi\u00fa r\u00f6plabda csapata \u00e9vek \u00f3ta folyamatos r\u00e9sztvev\u0151je a megyei illetve az orsz\u00e1gos d\u00f6nt\u0151knek.<\/p>\n<p>Most is a j\u00f3 szerepl\u00e9s rem\u00e9ny\u00e9ben kezdte meg a felk\u00e9sz\u00fcl\u00e9st a r\u00f6plabda csapat a 2016\/17 tan\u00e9vi r\u00f6plabda di\u00e1kolimpi\u00e1ra. A fi\u00fakkal heti k\u00e9t edz\u00e9ssel k\u00e9sz\u00fclt\u00fcnk a megm\u00e9rettet\u00e9sekre.<br \/>\n<strong>\u201e A\u201d kateg\u00f3ri\u00e1ban<\/strong> k\u00f6rzeti d\u00f6nt\u0151n I. helyez\u00e9st, a megyei d\u00f6nt\u0151n III. helyez\u00e9st, a Nagykun Di\u00e1k sportviadalon I. helyez\u00e9st siker\u00fclt el\u00e9rni.<br \/>\n<strong>\u201eB\u201d kateg\u00f3ri\u00e1ban <\/strong>(csak olyan tanul\u00f3 versenyezhet, aki nem igazolt versenyz\u0151)<strong> a k\u00f6rzeti d\u00f6nt\u0151 I. helye, \u00e9s a megyei d\u00f6nt\u0151 I. helyez\u00e9se ut\u00e1n meg sem \u00e1lltunk orsz\u00e1gos d\u00f6nt\u0151ig.<br \/>\n<\/strong>Sajnos a nem t\u00fal szerencs\u00e9s sorsol\u00e1snak k\u00f6sz\u00f6nhet\u0151en \u00e9ppen azzal a k\u00e9t csapattal (Debrecen, Budapest) ker\u00fclt\u00fcnk egy csoportba, akik k\u00e9s\u0151bb a d\u00f6nt\u0151t j\u00e1tszott\u00e1k. A csoporton bel\u00fcl k\u00f6rbe vert\u00fck egym\u00e1st \u00e9s rosszabb szett ar\u00e1nnyal nem jutottunk a legjobb 8 k\u00f6z\u00e9, v\u00e9g\u00fcl a 11. helyet siker\u00fclt megszerezni.<\/p>\n<p>&nbsp;A csapat tagja (balr\u00f3l jobbra): Farkas Viktor, Szir\u00e1ki Zolt\u00e1n, Horog M\u00e1rk, Juh\u00e1sz Csaba, Szab\u00f3 Lajos, Kov\u00e1cs M\u00e1t\u00e9, G\u00f6nczi Bertold, F\u00f6ldes D\u00e1niel, Farkas B\u00e9la, Nagy Tam\u00e1s<\/p>\n\n\t\t<style type=\"text\/css\">\n\t\t\t#gallery-1 {\n\t\t\t\tmargin: auto;\n\t\t\t}\n\t\t\t#gallery-1 .gallery-item {\n\t\t\t\tfloat: left;\n\t\t\t\tmargin-top: 10px;\n\t\t\t\ttext-align: center;\n\t\t\t\twidth: 50%;\n\t\t\t}\n\t\t\t#gallery-1 img {\n\t\t\t\tborder: 2px solid #cfcfcf;\n\t\t\t}\n\t\t\t#gallery-1 .gallery-caption {\n\t\t\t\tmargin-left: 0;\n\t\t\t}\n\t\t\t\/* see gallery_shortcode() in wp-includes\/media.php *\/\n\t\t<\/style>\n\t\t<div id='gallery-1' class='gallery galleryid-7743 gallery-columns-2 gallery-size-medium'><dl class='gallery-item'>\n\t\t\t<dt class='gallery-icon landscape'>\n\t\t\t\t<a href='http:\/\/nlki.hu\/?attachment_id=7745'><img loading=\"lazy\" decoding=\"async\" width=\"300\" height=\"200\" src=\"http:\/\/nlki.hu\/wp-content\/uploads\/2017\/11\/R\u00f6plabda_2-300x200.png\" class=\"attachment-medium size-medium\" alt=\"\" srcset=\"http:\/\/nlki.hu\/wp-content\/uploads\/2017\/11\/R\u00f6plabda_2-300x200.png 300w, http:\/\/nlki.hu\/wp-content\/uploads\/2017\/11\/R\u00f6plabda_2.png 960w\" sizes=\"auto, (max-width: 300px) 100vw, 300px\" \/><\/a>\n\t\t\t<\/dt><\/dl><dl class='gallery-item'>\n\t\t\t<dt class='gallery-icon landscape'>\n\t\t\t\t<a href='http:\/\/nlki.hu\/?attachment_id=7744'><img loading=\"lazy\" decoding=\"async\" width=\"300\" height=\"180\" src=\"http:\/\/nlki.hu\/wp-content\/uploads\/2017\/11\/R\u00f6plabda_1-300x180.png\" class=\"attachment-medium size-medium\" alt=\"\" srcset=\"http:\/\/nlki.hu\/wp-content\/uploads\/2017\/11\/R\u00f6plabda_1-300x180.png 300w, http:\/\/nlki.hu\/wp-content\/uploads\/2017\/11\/R\u00f6plabda_1.png 960w\" sizes=\"auto, (max-width: 300px) 100vw, 300px\" \/><\/a>\n\t\t\t<\/dt><\/dl><br style=\"clear: both\" \/>\n\t\t<\/div>\n\n<p>&nbsp;<\/p>\n<p>Az edz\u0151k \u00e9s a b\u00edr\u00f3k v\u00e9lem\u00e9nye alapj\u00e1n <strong>Nagy Tam\u00e1s elnyerte a legjobb felad\u00f3 d\u00edj\u00e1t<\/strong>.<\/p>\n<p>Az amat\u0151r orsz\u00e1gos d\u00f6nt\u0151 ut\u00e1n g\u0151zer\u0151vel elkezdt\u00fcnk k\u00e9sz\u00fclni a strandr\u00f6plabda di\u00e1kolimpi\u00e1ra.<br \/>\n<strong>A strandr\u00f6plabda di\u00e1kolimpia V-VI. kcs. orsz\u00e1gos d\u00f6nt\u0151j\u00e9n, amit Budapesten rendeztek meg, csapatunk a&nbsp; III. helyet szerezte <em>meg<\/em><\/strong>.<\/p>\n<p>A csapat tagjai: Juh\u00e1sz Csaba, Nagy Tam\u00e1s, Szir\u00e1ki Zolt\u00e1n, ,F\u00f6ldes D\u00e1niel, Horog M\u00e1rk<\/p>\n<p>Az <strong>V. korcsoportban<\/strong> &nbsp;V-VIII. helyet szerezte meg&nbsp; p\u00e1ros kateg\u00f3ri\u00e1ban Nagy Tam\u00e1s \u00e9s F\u00f6ldes D\u00e1niel.<br \/>\n\u00d6sszess\u00e9g\u00e9ben sikeres tan\u00e9vet z\u00e1rtunk a r\u00f6plabd\u00e1s fi\u00fakkal.<\/p>\n<p>A csapatot edzette \u00e9s felk\u00e9sz\u00edtette: Nagyn\u00e9 Moln\u00e1r Erzs\u00e9bet<\/p>\n<p>&nbsp;<\/p>\n<p>&nbsp; &nbsp; &nbsp; &nbsp; &nbsp; &nbsp; &nbsp; &nbsp; &nbsp; &nbsp; &nbsp; &nbsp; &nbsp; &nbsp; &nbsp; &nbsp; &nbsp; &nbsp; &nbsp; &nbsp; &nbsp; &nbsp; &nbsp; &nbsp; &nbsp; &nbsp;<\/p>\n\n\t\t<style type=\"text\/css\">\n\t\t\t#gallery-2 {\n\t\t\t\tmargin: auto;\n\t\t\t}\n\t\t\t#gallery-2 .gallery-item {\n\t\t\t\tfloat: left;\n\t\t\t\tmargin-top: 10px;\n\t\t\t\ttext-align: center;\n\t\t\t\twidth: 100%;\n\t\t\t}\n\t\t\t#gallery-2 img {\n\t\t\t\tborder: 2px solid #cfcfcf;\n\t\t\t}\n\t\t\t#gallery-2 .gallery-caption {\n\t\t\t\tmargin-left: 0;\n\t\t\t}\n\t\t\t\/* see gallery_shortcode() in wp-includes\/media.php *\/\n\t\t<\/style>\n\t\t<div id='gallery-2' class='gallery galleryid-7743 gallery-columns-1 gallery-size-large'><dl class='gallery-item'>\n\t\t\t<dt class='gallery-icon landscape'>\n\t\t\t\t<a href='http:\/\/nlki.hu\/?attachment_id=7746'><img loading=\"lazy\" decoding=\"async\" width=\"610\" height=\"458\" src=\"http:\/\/nlki.hu\/wp-content\/uploads\/2017\/11\/R\u00f6plabda_3.jpg\" class=\"attachment-large size-large\" alt=\"\" srcset=\"http:\/\/nlki.hu\/wp-content\/uploads\/2017\/11\/R\u00f6plabda_3.jpg 960w, http:\/\/nlki.hu\/wp-content\/uploads\/2017\/11\/R\u00f6plabda_3-300x225.jpg 300w\" sizes=\"auto, (max-width: 610px) 100vw, 610px\" \/><\/a>\n\t\t\t<\/dt><\/dl><br style=\"clear: both\" \/>\n\t\t<\/div>\n\n<p>&nbsp;<\/p>\n<p>&nbsp;&nbsp;&nbsp;&nbsp;&nbsp;&nbsp;&nbsp;&nbsp;&nbsp;&nbsp;&nbsp;&nbsp;&nbsp;&nbsp;&nbsp;&nbsp;&nbsp;&nbsp;&nbsp;&nbsp;&nbsp;&nbsp;&nbsp;&nbsp;&nbsp;&nbsp;&nbsp;&nbsp;&nbsp;&nbsp;&nbsp;&nbsp;&nbsp;&nbsp;&nbsp;&nbsp;&nbsp;&nbsp;&nbsp;&nbsp;&nbsp;&nbsp;&nbsp;&nbsp;&nbsp;&nbsp;&nbsp;&nbsp;&nbsp;&nbsp;&nbsp;&nbsp;&nbsp;&nbsp;&nbsp;&nbsp;&nbsp;&nbsp;&nbsp;&nbsp;&nbsp;&nbsp;&nbsp;&nbsp;&nbsp;&nbsp;&nbsp;&nbsp;&nbsp;&nbsp;&nbsp;&nbsp;&nbsp;&nbsp;&nbsp;&nbsp;&nbsp;&nbsp;&nbsp;&nbsp;&nbsp; &nbsp;&nbsp;&nbsp;&nbsp;&nbsp;&nbsp;&nbsp;&nbsp;&nbsp;&nbsp;&nbsp;&nbsp;&nbsp;&nbsp;&nbsp;&nbsp;&nbsp;&nbsp;&nbsp;&nbsp;&nbsp;&nbsp;&nbsp;&nbsp;&nbsp;&nbsp;&nbsp;&nbsp;&nbsp; Nagyn\u00e9 Moln\u00e1r Erzs\u00e9bet<\/p>\n<p>&nbsp;&nbsp;&nbsp;&nbsp;&nbsp;&nbsp;&nbsp;&nbsp;&nbsp;&nbsp;&nbsp;&nbsp;&nbsp;&nbsp;&nbsp;&nbsp;&nbsp;&nbsp;&nbsp;&nbsp;&nbsp;&nbsp;&nbsp;&nbsp;&nbsp;&nbsp;&nbsp;&nbsp;&nbsp;&nbsp;&nbsp;&nbsp;&nbsp;&nbsp;&nbsp;&nbsp; &nbsp;&nbsp;&nbsp;&nbsp;&nbsp;&nbsp;&nbsp;&nbsp;&nbsp;&nbsp;&nbsp;&nbsp;&nbsp;&nbsp;&nbsp;&nbsp;&nbsp;&nbsp;&nbsp;&nbsp;&nbsp;&nbsp;&nbsp;&nbsp;&nbsp;&nbsp;&nbsp;&nbsp;&nbsp;&nbsp;&nbsp;&nbsp;&nbsp;&nbsp;&nbsp;&nbsp;&nbsp;&nbsp;&nbsp;&nbsp;&nbsp;&nbsp;&nbsp;&nbsp;&nbsp;&nbsp;&nbsp;&nbsp;&nbsp;&nbsp;&nbsp;&nbsp;&nbsp;&nbsp;&nbsp;&nbsp;&nbsp;&nbsp;&nbsp;&nbsp;&nbsp;&nbsp;&nbsp;&nbsp;&nbsp;&nbsp;&nbsp;&nbsp;&nbsp;&nbsp;&nbsp;&nbsp;&nbsp;&nbsp;&nbsp;&nbsp;&nbsp;&nbsp;&nbsp;&nbsp;&nbsp;&nbsp;&nbsp;&nbsp;&nbsp; testnevel\u0151<\/p>\n","protected":false},"excerpt":{"rendered":"<p>Iskol\u00e1nk fi\u00fa r\u00f6plabda csapata \u00e9vek \u00f3ta folyamatos r\u00e9sztvev\u0151je a megyei illetve az orsz\u00e1gos d\u00f6nt\u0151knek. Most is a j\u00f3 szerepl\u00e9s rem\u00e9ny\u00e9ben kezdte meg a felk\u00e9sz\u00fcl\u00e9st a r\u00f6plabda csapat a 2016\/17 tan\u00e9vi r\u00f6plabda di\u00e1kolimpi\u00e1ra. A fi\u00fakkal heti k\u00e9t edz\u00e9ssel k\u00e9sz\u00fclt\u00fcnk a megm\u00e9rettet\u00e9sekre. \u201e A\u201d kateg\u00f3ri\u00e1ban k\u00f6rzeti d\u00f6nt\u0151n I. helyez\u00e9st, a megyei d\u00f6nt\u0151n III. helyez\u00e9st, a Nagykun Di\u00e1k [&hellip;]<\/p>\n","protected":false},"author":1,"featured_media":0,"comment_status":"closed","ping_status":"closed","sticky":false,"template":"","format":"standard","meta":{"ngg_post_thumbnail":0,"footnotes":""},"categories":[1,108,39],"tags":[],"class_list":["post-7743","post","type-post","status-publish","format-standard","hentry","category-egyeb","category-eredmenyeink","category-sporteredmenyek"],"_links":{"self":[{"href":"http:\/\/nlki.hu\/index.php?rest_route=\/wp\/v2\/posts\/7743","targetHints":{"allow":["GET"]}}],"collection":[{"href":"http:\/\/nlki.hu\/index.php?rest_route=\/wp\/v2\/posts"}],"about":[{"href":"http:\/\/nlki.hu\/index.php?rest_route=\/wp\/v2\/types\/post"}],"author":[{"embeddable":true,"href":"http:\/\/nlki.hu\/index.php?rest_route=\/wp\/v2\/users\/1"}],"replies":[{"embeddable":true,"href":"http:\/\/nlki.hu\/index.php?rest_route=%2Fwp%2Fv2%2Fcomments&post=7743"}],"version-history":[{"count":2,"href":"http:\/\/nlki.hu\/index.php?rest_route=\/wp\/v2\/posts\/7743\/revisions"}],"predecessor-version":[{"id":7748,"href":"http:\/\/nlki.hu\/index.php?rest_route=\/wp\/v2\/posts\/7743\/revisions\/7748"}],"wp:attachment":[{"href":"http:\/\/nlki.hu\/index.php?rest_route=%2Fwp%2Fv2%2Fmedia&parent=7743"}],"wp:term":[{"taxonomy":"category","embeddable":true,"href":"http:\/\/nlki.hu\/index.php?rest_route=%2Fwp%2Fv2%2Fcategories&post=7743"},{"taxonomy":"post_tag","embeddable":true,"href":"http:\/\/nlki.hu\/index.php?rest_route=%2Fwp%2Fv2%2Ftags&post=7743"}],"curies":[{"name":"wp","href":"https:\/\/api.w.org\/{rel}","templated":true}]}}