{"id":703,"date":"2011-12-01T08:09:28","date_gmt":"2011-12-01T08:09:28","guid":{"rendered":"http:\/\/nlki.hu\/?p=703"},"modified":"2011-12-02T21:07:57","modified_gmt":"2011-12-02T21:07:57","slug":"a-palyazat-kotelezo-fenntartasanak-terve-201011","status":"publish","type":"post","link":"http:\/\/nlki.hu\/?p=703","title":{"rendered":"A p\u00e1ly\u00e1zat k\u00f6telez\u0151 fenntart\u00e1s\u00e1nak terve 2010\/2011."},"content":{"rendered":"<p style=\"text-align: center;\">A T\u00c1MOP 3.1.4 p\u00e1ly\u00e1zat k\u00f6telez\u0151 elemeinek fenntart\u00e1si terve<br \/>\n2010\/2011. tan\u00e9v<\/p>\n<p style=\"text-align: center;\">&#8211; javaslat-<\/p>\n<h4><strong><span style=\"color: #800000;\">H\u00e1rom hetet meghalad\u00f3 projekt:<\/span><\/strong><\/h4>\n<p><strong> &#8222;Meg\u00fajul\u00f3 energiaforr\u00e1sok napjainkban&#8221;<\/strong> Alapul Ag\u00f3cs Ferenc \u201einnov\u00e1ci\u00f3ja\u201d szolg\u00e1l. \u00a0\u00a0\u00a0\u00a0\u00a0\u00a0\u00a0\u00a0\u00a0\u00a0\u00a0\u00a0 Szervezi a term\u00e9szettudom\u00e1nyi munkak\u00f6z\u00f6ss\u00e9g.<\/p>\n<p>A projekt terv\u00e9t febru\u00e1r elsej\u00e9ig kell elk\u00e9sz\u00edteni.\u00a0\u00a0\u00a0\u00a0\u00a0\u00a0\u00a0\u00a0\u00a0\u00a0\u00a0\u00a0\u00a0\u00a0\u00a0\u00a0\u00a0\u00a0\u00a0\u00a0\u00a0\u00a0\u00a0 Felel\u0151s: Ag\u00f3cs Ferenc<\/p>\n<p><strong><span style=\"color: #800000;\">T\u00e9mah\u00e9t:<\/span><\/strong><\/p>\n<p><strong>\u00a0\u00a0 &#8222;A szesz\u00e9lyes sz\u0151ke Tisza&#8221;<\/strong> Alapul Dienes Edit \u201einnov\u00e1ci\u00f3ja\u201d szolg\u00e1l.<br \/>\nEz egy\u00fattal a Nagy L\u00e1szl\u00f3 Napok tervezete is.<br \/>\nSzervezi a hum\u00e1n munkak\u00f6z\u00f6ss\u00e9g.<br \/>\nR\u00e9szei:<\/p>\n<p>A t\u00e9mah\u00e9t konkr\u00e9t terv\u00e9t febru\u00e1r elsej\u00e9ig k\u00e9sz\u00edtj\u00fck el.\u00a0\u00a0\u00a0\u00a0\u00a0\u00a0\u00a0\u00a0\u00a0\u00a0\u00a0\u00a0\u00a0 Felel\u0151s: D\u00f3sa Lajos<\/p>\n<p>&nbsp;<\/p>\n<h3>Modul\u00e1ris oktat\u00e1s<\/h3>\n<p>&#8222;SIKERES FELN\u0150TT LESZEK&#8221; Alapul Munk\u00e1csy Marianna \u201einnov\u00e1ci\u00f3ja\u201d szolg\u00e1l.<br \/>\nEz janu\u00e1r-febru\u00e1rban nyolc oszt\u00e1lyf\u0151n\u00f6ki \u00f3r\u00e1t jelent a 10. A oszt\u00e1lyban.<br \/>\nErr\u0151l k\u00e9sz\u00fclj\u00f6n egy \u00f3raterv janu\u00e1r elej\u00e9ig.<\/p>\n<p>&nbsp;<\/p>\n<h3>J\u00f3 gyakorlat hasznos\u00edt\u00e1sa<\/h3>\n<p>&nbsp;<\/p>\n<p style=\"text-align: justify;\">Sz\u00fcks\u00e9g lett volna kilencedik oszt\u00e1lyban egy hozz\u00e1\u00e9rt\u0151 tan\u00e1r \u00e1ltal heti egy \u00f3r\u00e1ban ind\u00edtott \u201eszakk\u00f6r\u201d. Mivel ezzel az igazgat\u00f3 nem \u00e9rt egyet, \u00e9s k\u00fcl\u00f6n \u2013 tan\u00edt\u00e1si id\u0151 ut\u00e1n tartand\u00f3 \u2013 \u00f3r\u00e1kat k\u00e9pzel el, a javaslatom a k\u00f6vetkez\u0151:<\/p>\n<p style=\"text-align: justify;\">1.\u00a0\u00a0\u00a0\u00a0\u00a0 A P\u00e1szt\u00f3r\u00f3l kapott \u201eJ\u00f3 gyakorlat\u201d anyag\u00e1nak \u00e1ttanulm\u00e1nyoz\u00e1sa minden\u00a0 egyes szaktan\u00e1r \u00e1ltal.<\/p>\n<p style=\"text-align: justify;\">2.\u00a0\u00a0\u00a0\u00a0\u00a0 Minden szaktan\u00e1r k\u00e9sz\u00edtsen a j\u00f3 gyakorlat anyaga, a szakirodalom \u00e9s a saj\u00e1t \u00f6tletei alapj\u00e1n egy r\u00e9szletes \u00f3ratervet, amelynek c\u00e9lja a \u201etanul\u00e1s tanul\u00e1sa\u201d legyen a saj\u00e1t szakter\u00fclet\u00e9n illetve tant\u00e1rgy\u00e1ban. Ezekb\u0151l az \u00f3ratervekb\u0151l \u00f6ssze\u00e1ll\u00edtunk egy m\u00f3dszertani dosszi\u00e9t. Ha ez megvan, a vezet\u0151s\u00e9g akkor d\u00f6nts\u00f6n a tov\u00e1bbi tennival\u00f3kr\u00f3l. Ezt az\u00e9rt javaslom, mert szakmai \u2013 m\u00f3dszertani megalapoz\u00e1s n\u00e9lk\u00fcl sikeres \u00f3r\u00e1k tart\u00e1s\u00e1ra nem sz\u00e1m\u00edthatunk. Ism\u00e9t a formalizmus fog \u00e9rv\u00e9nyre jutni.<\/p>\n<p>&nbsp;<\/p>\n<h3>IKT \u2013s \u00f3r\u00e1k<\/h3>\n<p style=\"text-align: justify;\">\u00a0Szerintem az IKT-s \u00f3r\u00e1knak a rendes, napi munk\u00e1nkban, \u00f3rarend szerint kell megval\u00f3sulniuk. A tan\u00edt\u00e1s ut\u00e1ni tervez\u00e9snek egyr\u00e9szt nem l\u00e1tom \u00e9rtelm\u00e9t, m\u00e1sr\u00e9szt a lehet\u0151s\u00e9g\u00e9t. Am\u00edg a felt\u00e9teleket nem biztos\u00edtjuk (Internet haszn\u00e1lata minden teremben, projektorok felszerel\u00e9se, laptopok csatlakoztat\u00e1s\u00e1nak biztos\u00edt\u00e1sa vagy sz\u00e1m\u00edt\u00f3g\u00e9pek felszerel\u00e9se az oszt\u00e1lytermekben, elm\u00e9leti \u2013 gyakorlati ismeretek megszerz\u00e9se, az err\u0151l val\u00f3 meggy\u0151z\u0151d\u00e9s, stb.) addig IKT-r\u00f3l csak besz\u00e9lni lehet, alkalmazni nem.<\/p>\n<p>&nbsp;<\/p>\n<p>Kunhegyes, 2010. december 6.\u00a0\u00a0\u00a0\u00a0\u00a0\u00a0\u00a0\u00a0\u00a0\u00a0\u00a0\u00a0\u00a0\u00a0\u00a0\u00a0\u00a0\u00a0\u00a0\u00a0\u00a0\u00a0\u00a0 D\u00f3sa Lajos<\/p>\n<p>hum.munk.vez.<\/p>\n","protected":false},"excerpt":{"rendered":"<p>A T\u00c1MOP 3.1.4 p\u00e1ly\u00e1zat k\u00f6telez\u0151 elemeinek fenntart\u00e1si terve 2010\/2011. tan\u00e9v &#8211; javaslat- H\u00e1rom hetet meghalad\u00f3 projekt: &#8222;Meg\u00fajul\u00f3 energiaforr\u00e1sok napjainkban&#8221; Alapul Ag\u00f3cs Ferenc \u201einnov\u00e1ci\u00f3ja\u201d szolg\u00e1l. \u00a0\u00a0\u00a0\u00a0\u00a0\u00a0\u00a0\u00a0\u00a0\u00a0\u00a0\u00a0 Szervezi a term\u00e9szettudom\u00e1nyi munkak\u00f6z\u00f6ss\u00e9g. A projekt terv\u00e9t febru\u00e1r elsej\u00e9ig kell elk\u00e9sz\u00edteni.\u00a0\u00a0\u00a0\u00a0\u00a0\u00a0\u00a0\u00a0\u00a0\u00a0\u00a0\u00a0\u00a0\u00a0\u00a0\u00a0\u00a0\u00a0\u00a0\u00a0\u00a0\u00a0\u00a0 Felel\u0151s: Ag\u00f3cs Ferenc T\u00e9mah\u00e9t: \u00a0\u00a0 &#8222;A szesz\u00e9lyes sz\u0151ke Tisza&#8221; Alapul Dienes Edit \u201einnov\u00e1ci\u00f3ja\u201d szolg\u00e1l. Ez egy\u00fattal a Nagy L\u00e1szl\u00f3 [&hellip;]<\/p>\n","protected":false},"author":1,"featured_media":0,"comment_status":"closed","ping_status":"closed","sticky":false,"template":"","format":"standard","meta":{"ngg_post_thumbnail":0,"footnotes":""},"categories":[1],"tags":[],"class_list":["post-703","post","type-post","status-publish","format-standard","hentry","category-egyeb"],"_links":{"self":[{"href":"http:\/\/nlki.hu\/index.php?rest_route=\/wp\/v2\/posts\/703","targetHints":{"allow":["GET"]}}],"collection":[{"href":"http:\/\/nlki.hu\/index.php?rest_route=\/wp\/v2\/posts"}],"about":[{"href":"http:\/\/nlki.hu\/index.php?rest_route=\/wp\/v2\/types\/post"}],"author":[{"embeddable":true,"href":"http:\/\/nlki.hu\/index.php?rest_route=\/wp\/v2\/users\/1"}],"replies":[{"embeddable":true,"href":"http:\/\/nlki.hu\/index.php?rest_route=%2Fwp%2Fv2%2Fcomments&post=703"}],"version-history":[{"count":4,"href":"http:\/\/nlki.hu\/index.php?rest_route=\/wp\/v2\/posts\/703\/revisions"}],"predecessor-version":[{"id":776,"href":"http:\/\/nlki.hu\/index.php?rest_route=\/wp\/v2\/posts\/703\/revisions\/776"}],"wp:attachment":[{"href":"http:\/\/nlki.hu\/index.php?rest_route=%2Fwp%2Fv2%2Fmedia&parent=703"}],"wp:term":[{"taxonomy":"category","embeddable":true,"href":"http:\/\/nlki.hu\/index.php?rest_route=%2Fwp%2Fv2%2Fcategories&post=703"},{"taxonomy":"post_tag","embeddable":true,"href":"http:\/\/nlki.hu\/index.php?rest_route=%2Fwp%2Fv2%2Ftags&post=703"}],"curies":[{"name":"wp","href":"https:\/\/api.w.org\/{rel}","templated":true}]}}