{"id":1868,"date":"2015-04-20T09:35:49","date_gmt":"2015-04-20T09:35:49","guid":{"rendered":"http:\/\/nlki.hu\/?p=1868"},"modified":"2017-01-27T09:01:36","modified_gmt":"2017-01-27T09:01:36","slug":"kozossegi-szolgalat","status":"publish","type":"post","link":"http:\/\/nlki.hu\/?p=1868","title":{"rendered":"K\u00f6z\u00f6ss\u00e9gi szolg\u00e1lat"},"content":{"rendered":"<p><strong>Kedves Di\u00e1kok!<\/strong><\/p>\n<p>Mint tudj\u00e1tok, a <span style=\"color: #0000ff;\"><strong>2016. janu\u00e1r 1-je ut\u00e1n \u00e9retts\u00e9giz\u0151<\/strong> <\/span>k\u00f6z\u00e9piskolai di\u00e1koknak <strong>k\u00f6telez\u0151<\/strong> <strong>50 \u00f3r\u00e1s k\u00f6z\u00f6ss\u00e9gi szolg\u00e1latot<\/strong> teljes\u00edteni az \u00e9retts\u00e9gi vizsgabizony\u00edtv\u00e1ny megszerz\u00e9s\u00e9ig.<\/p>\n<p>Az al\u00e1bbiakban az <strong><span style=\"color: #0000ff;\">I<\/span><\/strong>skolai<strong><span style=\"color: #0000ff;\"> K<\/span><\/strong>\u00f6z\u00f6ss\u00e9gi <strong><span style=\"color: #0000ff;\">Sz<\/span><\/strong>olg\u00e1lattal (<strong><span style=\"color: #0000ff;\">IKSZ<\/span><\/strong>) \u00e9s annak teljes\u00edt\u00e9s\u00e9vel kapcsolatban olvashattok n\u00e9h\u00e1ny fontos inform\u00e1ci\u00f3t.<\/p>\n<p>\u2022 A tanul\u00f3knak lehet\u0151s\u00e9g szerint h\u00e1rom tan\u00e9vre ar\u00e1nyosan elosztva (9\u201311. \u00e9vfolyamon),&nbsp; kellene teljes\u00edteni az \u00f6tven\u00f3r\u00e1s k\u00f6z\u00f6ss\u00e9gi szolg\u00e1latot, amelyt\u0151l indokolt esetben a sz\u00fcl\u0151 k\u00e9r\u00e9s\u00e9re el lehet t\u00e9rni.<br \/>\n\u2022 Az <strong>IKSZ<\/strong> teljes\u00edt\u00e9se sor\u00e1n<strong> egy \u00f3r\u00e1n hatvan percet<\/strong> \u00e9rt\u00fcnk. A k\u00f6z\u00f6ss\u00e9gi szolg\u00e1lati id\u0151be a helysz\u00ednre t\u00f6rt\u00e9n\u0151 utaz\u00e1si id\u0151 nem sz\u00e1m\u00edthat\u00f3 be. A k\u00f6z\u00f6ss\u00e9gi szolg\u00e1lat helysz\u00edn\u00e9n alkalmank\u00e9nt <strong>legkevesebb egy<\/strong>, <strong>legfeljebb h\u00e1rom \u00f3r\u00e1s<\/strong> id\u0151keretben v\u00e9gezhet\u0151 a tev\u00e9kenys\u00e9g.<br \/>\n\u2022<strong><span style=\"text-decoration: underline;\"> Az \u00f6nk\u00e9ntes \u00e9letkor\u00e1t\u00f3l f\u00fcgg\u0151 felt\u00e9telek:<\/span><\/strong><br \/>\nFigyelembe kell venni, hogy<br \/>\n<strong>a 16. \u00e9let\u00e9v\u00e9t be nem t\u00f6lt\u00f6tt \u00f6nk\u00e9ntes<\/strong> eset\u00e9ben a tev\u00e9kenys\u00e9gre ford\u00edthat\u00f3 id\u0151 nem haladhatja meg<br \/>\na) tan\u00edt\u00e1si sz\u00fcnet ideje alatt a napi h\u00e1rom \u00f3r\u00e1t \u00e9s a heti tizenk\u00e9t \u00f3r\u00e1t,<br \/>\nb) tan\u00edt\u00e1si id\u0151ben a heti hat \u00f3r\u00e1t \u00e9s<br \/>\nc) tan\u00edt\u00e1si napon a napi k\u00e9t \u00f3r\u00e1t.<br \/>\nd) tan\u00edt\u00e1si napon k\u00edv\u00fcl a napi h\u00e1rom \u00f3r\u00e1t.<br \/>\n<strong>A 18 \u00e9ves kor alatt \u00f6nk\u00e9ntes<\/strong> tev\u00e9kenys\u00e9get 20 \u00f3ra \u00e9s 6 \u00f3ra k\u00f6z\u00f6tt nem v\u00e9gezhet.<br \/>\n18 \u00e9ves kor alatt 14 \u00f3ra pihen\u0151id\u0151t kell k\u00e9t nap k\u00f6z\u00f6tt biztos\u00edtani;<br \/>\n\u2022 <strong><span style=\"text-decoration: underline;\">A k\u00f6z\u00f6ss\u00e9gi szolg\u00e1lat dokument\u00e1l\u00e1sa:<\/span><\/strong><br \/>\nA k\u00f6z\u00f6ss\u00e9gi szolg\u00e1lat sor\u00e1n a tanul\u00f3 k\u00f6teles napl\u00f3t vezetni, amelyben r\u00f6gz\u00edti, hogy mikor, hol, milyen id\u0151keretben \u00e9s milyen tev\u00e9kenys\u00e9get folytatott, valamint, hogy milyen \u00e9lm\u00e9nyekkel gazdagodott a munkav\u00e9gz\u00e9s sor\u00e1n.<\/p>\n<p><strong><span style=\"text-decoration: underline;\">\u2022 T\u00e9rbeli korl\u00e1toz\u00e1s:<\/span><\/strong><br \/>\nA k\u00f6z\u00f6ss\u00e9gi szolg\u00e1lat az iskola sz\u00e9khely\u00e9n vagy a tanul\u00f3k lak\u00f3k\u00f6rnyezet\u00e9ben, legfeljebb 30 kilom\u00e9teres k\u00f6rzeten bel\u00fcl v\u00e9gezhet\u0151.<\/p>\n<p>A tanul\u00f3k maguk v\u00e1laszthatj\u00e1k ki az iskol\u00e1nk \u00e1ltal felaj\u00e1nlott lehet\u0151s\u00e9gek k\u00f6z\u00fcl, hogy milyen tev\u00e9kenys\u00e9get akarnak v\u00e9gezni. Arra is lehet\u0151s\u00e9g van, hogy a di\u00e1kok \u201ehozzanak\u201d fogad\u00f3 int\u00e9zm\u00e9nyeket, de ebben az esetben meg kell szerezni\u00fck az iskolavezet\u00e9s j\u00f3v\u00e1hagy\u00e1s\u00e1t.<\/p>\n<ul>\n<li><strong><span style=\"text-decoration: underline;\">Inform\u00e1ci\u00f3k fogad\u00f3 int\u00e9zm\u00e9nyekr\u0151l<\/span> <\/strong><br \/>\nAz iskola \u00e9s a fogad\u00f3 int\u00e9zm\u00e9ny egy\u00fcttm\u0171k\u00f6d\u00e9s\u00e9r\u0151l meg\u00e1llapod\u00e1st kell k\u00f6tni.<\/li>\n<\/ul>\n<p>Jelen pillanatban int\u00e9zm\u00e9ny\u00fcnknek az al\u00e1bbi szervezetekkel van egy\u00fcttm\u0171k\u00f6d\u00e9si meg\u00e1llapod\u00e1sa, melyek lehet\u0151s\u00e9get k\u00edn\u00e1lnak nektek az IKSZ let\u00f6lt\u00e9s\u00e9re.<\/p>\n<p>Csal\u00e1dseg\u00edt\u0151 \u00e9s Gyermekj\u00f3l\u00e9ti Szolg\u00e1lat, Kunhegyes<br \/>\nCsal\u00e1dseg\u00edt\u0151 \u00e9s Gyermekj\u00f3l\u00e9ti Szolg\u00e1lat, Tomajmonostora<br \/>\n\u00d3vod\u00e1k (Z\u00e1dor, Garay, Hajnal, Kossuth) Kunhegyes<br \/>\n\u00d3voda Tomajmonostora<br \/>\nIskol\u00e1k (Kossuth, D\u00f3zsa) Kunhegyes<br \/>\nReform\u00e1tus Iskola Kunhegyes<br \/>\n\u00c1ltal\u00e1nos Iskola Tiszabura<br \/>\n\u00c1ltal\u00e1nos Iskola Tiszagyenda<br \/>\nV\u00e1rosi K\u00f6nyvt\u00e1r Kunhegyes<br \/>\nEmber M\u00e1ria K\u00f6nyvt\u00e1r Ab\u00e1dszal\u00f3k<br \/>\nAdy Endre M\u0171vel\u0151d\u00e9si H\u00e1z Tiszaszentimre<br \/>\nIlosvai Varga Istv\u00e1n M\u0171vel\u0151d\u00e9si K\u00f6zpont Kunhegyes<br \/>\nM\u0171vel\u0151d\u00e9si H\u00e1z Fegyvernek<br \/>\n\u00c1llatmenhely Kunhegyes<br \/>\nSarepta Id\u0151sek Otthona Kunhegyes<br \/>\nSarepta Id\u0151sek Otthona Ab\u00e1dszal\u00f3k<br \/>\n\u00c1pol\u00e1si Oszt\u00e1ly Kunhegyes<br \/>\nT\u00f3parti Otthon Pusztataskony<br \/>\nB\u00f6lcs\u0151de Kunhegyes<\/p>\n<p style=\"text-align: center;\"><strong>V\u00e1rjuk tov\u00e1bbi javaslataitokat, hogy milyen k\u00f6z\u00f6ss\u00e9gi feladatokat l\u00e1ttok c\u00e9lszer\u0171nek, \u00e9s melyek azok a tev\u00e9kenys\u00e9gek, amelyeket sz\u00edvesen v\u00e9gezhetn\u00e9tek!<\/strong><\/p>\n<p style=\"text-align: center;\">A fontos az, hogy amit tal\u00e1ltok, eleget tegyen a t\u00f6rv\u00e9nyben foglalt meghat\u00e1roz\u00e1snak.<\/p>\n<p>A k\u00f6vetkez\u0151 momentumok a legfontosabbak:<br \/>\nA k\u00f6znevel\u00e9si k\u00f6z\u00f6ss\u00e9gi szolg\u00e1lat keretei k\u00f6z\u00f6tt folytathat\u00f3 <strong>tev\u00e9kenys\u00e9gek ter\u00fcletei<\/strong>:<br \/>\na) eg\u00e9szs\u00e9g\u00fcgyi,<br \/>\nb) szoci\u00e1lis \u00e9s j\u00f3t\u00e9konys\u00e1gi,<br \/>\nc) oktat\u00e1si,<br \/>\nd) kultur\u00e1lis \u00e9s k\u00f6z\u00f6ss\u00e9gi,<br \/>\ne) k\u00f6rnyezet- \u00e9s term\u00e9szetv\u00e9delemi,<br \/>\nf) polg\u00e1ri \u00e9s katasztr\u00f3fav\u00e9delmi,<br \/>\ng) k\u00f6z\u00f6s sport- \u00e9s szabadid\u0151s tev\u00e9kenys\u00e9g \u00f3vod\u00e1skor\u00fa, saj\u00e1tos nevel\u00e9si ig\u00e9ny\u0171 gyermekekkel, id\u0151s emberekkel.<\/p>\n<p>Az<strong> a) pontban<\/strong> meghat\u00e1rozott tev\u00e9kenys\u00e9gi ter\u00fcleten <strong>minden esetben<\/strong>, a<strong> b) pontban<\/strong> <strong>meghat\u00e1rozott esetekben<\/strong> sz\u00fcks\u00e9g szerint <strong>mentort kell biztos\u00edtania a tanul\u00f3t fogad\u00f3 int\u00e9zm\u00e9nynek.<\/strong><\/p>\n<p style=\"text-align: center;\">Ha az iskolai k\u00f6z\u00f6ss\u00e9gi szolg\u00e1lattal kapcsolatban b\u00e1rmilyen k\u00e9rd\u00e9sed van, keresd az iskolai koordin\u00e1tort, <strong>Csat\u00f3 L\u00e1szl\u00f3n\u00e9 tan\u00e1rn\u0151t<\/strong>, valamint a <strong>http:\/\/kozossegi.ofi.hu\/<\/strong> honlapr\u00f3l is t\u00e1j\u00e9koz\u00f3dhatsz!<\/p>\n<p>Az \u00faj inform\u00e1ci\u00f3kat itt fogod folyamatosan l\u00e1tni.<\/p>\n","protected":false},"excerpt":{"rendered":"<p>Kedves Di\u00e1kok! Mint tudj\u00e1tok, a 2016. janu\u00e1r 1-je ut\u00e1n \u00e9retts\u00e9giz\u0151 k\u00f6z\u00e9piskolai di\u00e1koknak k\u00f6telez\u0151 50 \u00f3r\u00e1s k\u00f6z\u00f6ss\u00e9gi szolg\u00e1latot teljes\u00edteni az \u00e9retts\u00e9gi vizsgabizony\u00edtv\u00e1ny megszerz\u00e9s\u00e9ig. Az al\u00e1bbiakban az Iskolai K\u00f6z\u00f6ss\u00e9gi Szolg\u00e1lattal (IKSZ) \u00e9s annak teljes\u00edt\u00e9s\u00e9vel kapcsolatban olvashattok n\u00e9h\u00e1ny fontos inform\u00e1ci\u00f3t. \u2022 A tanul\u00f3knak lehet\u0151s\u00e9g szerint h\u00e1rom tan\u00e9vre ar\u00e1nyosan elosztva (9\u201311. \u00e9vfolyamon),&nbsp; kellene teljes\u00edteni az \u00f6tven\u00f3r\u00e1s k\u00f6z\u00f6ss\u00e9gi szolg\u00e1latot, amelyt\u0151l [&hellip;]<\/p>\n","protected":false},"author":1,"featured_media":0,"comment_status":"closed","ping_status":"closed","sticky":false,"template":"","format":"standard","meta":{"ngg_post_thumbnail":0,"footnotes":""},"categories":[55],"tags":[],"class_list":["post-1868","post","type-post","status-publish","format-standard","hentry","category-infok-diakoknak"],"_links":{"self":[{"href":"http:\/\/nlki.hu\/index.php?rest_route=\/wp\/v2\/posts\/1868","targetHints":{"allow":["GET"]}}],"collection":[{"href":"http:\/\/nlki.hu\/index.php?rest_route=\/wp\/v2\/posts"}],"about":[{"href":"http:\/\/nlki.hu\/index.php?rest_route=\/wp\/v2\/types\/post"}],"author":[{"embeddable":true,"href":"http:\/\/nlki.hu\/index.php?rest_route=\/wp\/v2\/users\/1"}],"replies":[{"embeddable":true,"href":"http:\/\/nlki.hu\/index.php?rest_route=%2Fwp%2Fv2%2Fcomments&post=1868"}],"version-history":[{"count":7,"href":"http:\/\/nlki.hu\/index.php?rest_route=\/wp\/v2\/posts\/1868\/revisions"}],"predecessor-version":[{"id":5609,"href":"http:\/\/nlki.hu\/index.php?rest_route=\/wp\/v2\/posts\/1868\/revisions\/5609"}],"wp:attachment":[{"href":"http:\/\/nlki.hu\/index.php?rest_route=%2Fwp%2Fv2%2Fmedia&parent=1868"}],"wp:term":[{"taxonomy":"category","embeddable":true,"href":"http:\/\/nlki.hu\/index.php?rest_route=%2Fwp%2Fv2%2Fcategories&post=1868"},{"taxonomy":"post_tag","embeddable":true,"href":"http:\/\/nlki.hu\/index.php?rest_route=%2Fwp%2Fv2%2Ftags&post=1868"}],"curies":[{"name":"wp","href":"https:\/\/api.w.org\/{rel}","templated":true}]}}