{"id":15378,"date":"2025-08-29T06:38:24","date_gmt":"2025-08-29T06:38:24","guid":{"rendered":"http:\/\/nlki.hu\/?p=15378"},"modified":"2025-08-29T06:38:24","modified_gmt":"2025-08-29T06:38:24","slug":"orszagos-szakkepzesi-tanevnyito","status":"publish","type":"post","link":"http:\/\/nlki.hu\/?p=15378","title":{"rendered":"Orsz\u00e1gos Szakk\u00e9pz\u00e9si Tan\u00e9vnyit\u00f3"},"content":{"rendered":"<p><img decoding=\"async\" class=\"an1\" draggable=\"false\" src=\"https:\/\/fonts.gstatic.com\/s\/e\/notoemoji\/16.0\/1f4c5\/32.png\" alt=\"\ud83d\udcc5\" data-emoji=\"\ud83d\udcc5\" aria-label=\"\ud83d\udcc5\">&nbsp;2025. augusztus 29-\u00e9n, p\u00e9nteken a&nbsp;<strong>Miskolci SZC Szemere Bertalan Technikum<\/strong>&nbsp;ad otthont az&nbsp;<strong>Orsz\u00e1gos Szakk\u00e9pz\u00e9si Tan\u00e9vnyit\u00f3 \u00dcnneps\u00e9gnek<\/strong>.<\/p>\n<p><img decoding=\"async\" class=\"an1\" draggable=\"false\" src=\"https:\/\/fonts.gstatic.com\/s\/e\/notoemoji\/16.0\/1f4fa\/32.png\" alt=\"\ud83d\udcfa\" data-emoji=\"\ud83d\udcfa\" aria-label=\"\ud83d\udcfa\">&nbsp;A sz\u00ednes, l\u00e1tv\u00e1nyos produkci\u00f3kkal gazdag \u00fcnnepi esem\u00e9ny k\u00f6zvet\u00edt\u00e9se p\u00e9nteken 18 \u00f3r\u00e1t\u00f3l l\u00e1that\u00f3 az&nbsp;<b>M5 csatorn\u00e1n<\/b>.<\/p>\n<p><img decoding=\"async\" class=\"an1\" draggable=\"false\" src=\"https:\/\/fonts.gstatic.com\/s\/e\/notoemoji\/16.0\/1f449\/32.png\" alt=\"\ud83d\udc49\" data-emoji=\"\ud83d\udc49\" aria-label=\"\ud83d\udc49\">&nbsp;\u00dcnnepelj\u00fck egy\u00fctt a szakk\u00e9pz\u00e9s \u00faj tan\u00e9v\u00e9t!<\/p>\n<p>&nbsp;<\/p>\n<p>#Szakk\u00e9pz\u00e9s #Tan\u00e9vnyit\u00f3 #Miskolc #M5 #KIM<\/p>\n","protected":false},"excerpt":{"rendered":"<p>&nbsp;2025. augusztus 29-\u00e9n, p\u00e9nteken a&nbsp;Miskolci SZC Szemere Bertalan Technikum&nbsp;ad otthont az&nbsp;Orsz\u00e1gos Szakk\u00e9pz\u00e9si Tan\u00e9vnyit\u00f3 \u00dcnneps\u00e9gnek. &nbsp;A sz\u00ednes, l\u00e1tv\u00e1nyos produkci\u00f3kkal gazdag \u00fcnnepi esem\u00e9ny k\u00f6zvet\u00edt\u00e9se p\u00e9nteken 18 \u00f3r\u00e1t\u00f3l l\u00e1that\u00f3 az&nbsp;M5 csatorn\u00e1n. &nbsp;\u00dcnnepelj\u00fck egy\u00fctt a szakk\u00e9pz\u00e9s \u00faj tan\u00e9v\u00e9t! &nbsp; #Szakk\u00e9pz\u00e9s #Tan\u00e9vnyit\u00f3 #Miskolc #M5 #KIM<\/p>\n","protected":false},"author":1,"featured_media":0,"comment_status":"closed","ping_status":"closed","sticky":false,"template":"","format":"standard","meta":{"ngg_post_thumbnail":0,"footnotes":""},"categories":[67],"tags":[],"class_list":["post-15378","post","type-post","status-publish","format-standard","hentry","category-hirek-esemenyek"],"_links":{"self":[{"href":"http:\/\/nlki.hu\/index.php?rest_route=\/wp\/v2\/posts\/15378","targetHints":{"allow":["GET"]}}],"collection":[{"href":"http:\/\/nlki.hu\/index.php?rest_route=\/wp\/v2\/posts"}],"about":[{"href":"http:\/\/nlki.hu\/index.php?rest_route=\/wp\/v2\/types\/post"}],"author":[{"embeddable":true,"href":"http:\/\/nlki.hu\/index.php?rest_route=\/wp\/v2\/users\/1"}],"replies":[{"embeddable":true,"href":"http:\/\/nlki.hu\/index.php?rest_route=%2Fwp%2Fv2%2Fcomments&post=15378"}],"version-history":[{"count":1,"href":"http:\/\/nlki.hu\/index.php?rest_route=\/wp\/v2\/posts\/15378\/revisions"}],"predecessor-version":[{"id":15379,"href":"http:\/\/nlki.hu\/index.php?rest_route=\/wp\/v2\/posts\/15378\/revisions\/15379"}],"wp:attachment":[{"href":"http:\/\/nlki.hu\/index.php?rest_route=%2Fwp%2Fv2%2Fmedia&parent=15378"}],"wp:term":[{"taxonomy":"category","embeddable":true,"href":"http:\/\/nlki.hu\/index.php?rest_route=%2Fwp%2Fv2%2Fcategories&post=15378"},{"taxonomy":"post_tag","embeddable":true,"href":"http:\/\/nlki.hu\/index.php?rest_route=%2Fwp%2Fv2%2Ftags&post=15378"}],"curies":[{"name":"wp","href":"https:\/\/api.w.org\/{rel}","templated":true}]}}