{"id":15351,"date":"2025-05-09T12:19:08","date_gmt":"2025-05-09T12:19:08","guid":{"rendered":"http:\/\/nlki.hu\/?p=15351"},"modified":"2025-05-09T12:22:24","modified_gmt":"2025-05-09T12:22:24","slug":"a-karcagi-szc-nagy-laszlo-gimnazium-technikum-es-szakkepzo-iskola-rendkivuli-felveteli-eljarast-hirdet-meg-a-2025-2026-os-tanevre","status":"publish","type":"post","link":"http:\/\/nlki.hu\/?p=15351","title":{"rendered":"A Karcagi SZC Nagy L\u00e1szl\u00f3 Gimn\u00e1zium, Technikum \u00e9s Szakk\u00e9pz\u0151 Iskola rendk\u00edv\u00fcli felv\u00e9teli elj\u00e1r\u00e1st hirdet meg a 2025\/2026-os tan\u00e9vre."},"content":{"rendered":"<p><strong>Tisztelt Sz\u00fcl\u0151k! Kedves Tanul\u00f3k!<\/strong><\/p>\n<p>A Karcagi SZC Nagy L\u00e1szl\u00f3 Gimn\u00e1zium, Technikum \u00e9s Szakk\u00e9pz\u0151 Iskola rendk\u00edv\u00fcli felv\u00e9teli elj\u00e1r\u00e1st hirdet meg a 2025\/2026-os tan\u00e9vre.<\/p>\n<p>A rendk\u00edv\u00fcli felv\u00e9teli elj\u00e1r\u00e1s keret\u00e9ben v\u00e1runk minden olyan tanul\u00f3t, aki<\/p>\n<ul>\n<li>az \u00e1ltal\u00e1nos felv\u00e9teli elj\u00e1r\u00e1s id\u0151szak\u00e1ban nem nyert felv\u00e9telt egy k\u00f6z\u00e9pfok\u00fa int\u00e9zm\u00e9nybe sem, vagy<\/li>\n<li>felv\u00e9telt nyert ugyan egy k\u00f6z\u00e9piskol\u00e1ba, de szeretn\u00e9 megv\u00e1ltoztatni az iskolav\u00e1laszt\u00e1si d\u00f6nt\u00e9s\u00e9t \u00e9s a mi iskol\u00e1nk valamelyik tanulm\u00e1nyi ter\u00fclet\u00e9n szeretne tov\u00e1bb tanulni.<\/li>\n<\/ul>\n<p>A rendk\u00edv\u00fcli felv\u00e9teli elj\u00e1r\u00e1s id\u0151szaka 2025. m\u00e1jus 12-t\u0151l 2025. augusztus 31-ig tart. Ebben az id\u0151szakban mindenki egy\u00e9nileg, k\u00f6zvetlen\u00fcl az iskol\u00e1nkba val\u00f3 jelentkez\u00e9ssel k\u00e9rheti a felv\u00e9tel\u00e9t szakk\u00e9pz\u0151 int\u00e9zm\u00e9ny\u00fcnknek azokra \u2013 az al\u00e1bbi t\u00e1bl\u00e1zatokban felsorolt \u2013 tanulm\u00e1nyi ter\u00fcleteire, amelyeken az \u00e1ltal\u00e1nos felv\u00e9teli elj\u00e1r\u00e1s lez\u00e1rul\u00e1sa ut\u00e1n maradtak bet\u00f6ltetlen f\u00e9r\u0151helyeink a 2025\/2026-os tan\u00e9vre.<\/p>\n<table width=\"104%\">\n<tbody>\n<tr>\n<td colspan=\"3\" width=\"100%\"><strong>Gimn\u00e1ziumi k\u00e9pz\u00e9s<\/strong><\/p>\n<p>(4 \u00e9vfolyamos, \u00e1ltal\u00e1nos tanterv\u0171, az \u00e9retts\u00e9gi vizsg\u00e1ra felk\u00e9sz\u00edt\u0151 gimn\u00e1ziumi k\u00e9pz\u00e9s)<\/td>\n<\/tr>\n<tr>\n<td width=\"8%\"><strong>K\u00f3d<\/strong><\/td>\n<td width=\"55%\"><strong>A tanulm\u00e1nyi ter\u00fclet megnevez\u00e9se<\/strong><\/td>\n<td width=\"35%\"><strong>A rendk\u00edv\u00fcli felv\u00e9teli elj\u00e1r\u00e1s keret\u00e9ben m\u00e9g felvehet\u0151 l\u00e9tsz\u00e1m<\/strong><\/td>\n<\/tr>\n<tr>\n<td width=\"8%\"><strong>3301<\/strong><\/td>\n<td width=\"55%\"><strong>Gimn\u00e1ziumi k\u00e9pz\u00e9s<\/strong> (4 \u00e9vfolyamos, \u00e1ltal\u00e1nos tanterv\u0171, p\u00e9nz\u00fcgyi, illetve katonai orient\u00e1ci\u00f3val)<\/td>\n<td width=\"35%\">17<\/td>\n<\/tr>\n<\/tbody>\n<\/table>\n<p>&nbsp;<\/p>\n<table width=\"104%\">\n<tbody>\n<tr>\n<td colspan=\"3\" width=\"100%\"><strong>Technikumi k\u00e9pz\u00e9s<\/strong><\/p>\n<p>(5 \u00e9vfolyamos k\u00e9pz\u00e9s k\u00f6zismereti kerettanterv \u00e9s szakk\u00e9pz\u00e9si programtanterv alapj\u00e1n, a 13. \u00e9vfolyam v\u00e9g\u00e9n egyszerre szerezhet\u0151 \u00e9retts\u00e9gi v\u00e9gzetts\u00e9g, \u00e9s technikumi szint\u0171 szakk\u00e9pzetts\u00e9g)<\/td>\n<\/tr>\n<tr>\n<td width=\"8%\"><strong>K\u00f3d<\/strong><\/td>\n<td width=\"55%\"><strong>A tanulm\u00e1nyi ter\u00fclet megnevez\u00e9se, <\/strong>a tanulm\u00e1nyi ter\u00fclet lehets\u00e9ges szakk\u00e9pzetts\u00e9g kimenetei<strong> (<\/strong>a<strong> szakm\u00e1k azonos\u00edt\u00f3 sz\u00e1ma \u00e9s megnevez\u00e9se)<\/strong><\/td>\n<td width=\"35%\"><strong>A rendk\u00edv\u00fcli felv\u00e9teli elj\u00e1r\u00e1s keret\u00e9ben m\u00e9g felvehet\u0151 l\u00e9tsz\u00e1m<\/strong><\/td>\n<\/tr>\n<tr>\n<td width=\"8%\"><strong>3311<\/strong><\/td>\n<td width=\"55%\"><strong>Technikum \u2013 Gazd\u00e1lkod\u00e1s \u00e9s menedzsment \u00e1gazat,<\/strong><\/p>\n<p>5 0411 09 01 <strong>P\u00e9nz\u00fcgyi-sz\u00e1mviteli \u00fcgyint\u00e9z\u0151,<\/strong><\/p>\n<p>5 0411 09 02 <strong>V\u00e1llalkoz\u00e1si \u00fcgyviteli \u00fcgyint\u00e9z\u0151<\/strong><\/td>\n<td width=\"35%\">4<\/td>\n<\/tr>\n<tr>\n<td width=\"8%\"><strong>3312<\/strong><\/td>\n<td width=\"55%\"><strong>Technikum \u2013 Rend\u00e9szet \u00e9s k\u00f6zszolg\u00e1lat \u00e1gazat,<\/strong><\/p>\n<p>5 0413 18 01 <strong>K\u00f6zszolg\u00e1lati technikus<\/strong><\/td>\n<td width=\"35%\">5<\/td>\n<\/tr>\n<tr>\n<td width=\"8%\"><strong>3313<\/strong><\/td>\n<td width=\"55%\"><strong>Technikum \u2013 Sport \u00e1gazat,<\/strong><\/p>\n<p>5 1014 20 02 <strong>Sportedz\u0151 (a sport\u00e1g megjel\u00f6l\u00e9s\u00e9vel) &#8211; sportszervez\u0151<\/strong><\/td>\n<td width=\"35%\">9<\/td>\n<\/tr>\n<\/tbody>\n<\/table>\n<p>&nbsp;<\/p>\n<table width=\"104%\">\n<tbody>\n<tr>\n<td colspan=\"3\" width=\"100%\"><strong>Szakk\u00e9pz\u0151 iskola<\/strong><\/p>\n<p>(3 \u00e9vfolyamos, egy adott szakma megszerz\u00e9s\u00e9re felk\u00e9sz\u00edt\u0151 k\u00e9pz\u00e9s, k\u00f6zismereti kerettanterv \u00e9s szakk\u00e9pz\u00e9si programtanterv alapj\u00e1n)<\/td>\n<\/tr>\n<tr>\n<td width=\"8%\"><strong>K\u00f3d<\/strong><\/td>\n<td width=\"55%\"><strong>A tanulm\u00e1nyi ter\u00fclet megnevez\u00e9se<\/strong>, a tanulm\u00e1nyi ter\u00fclet lehets\u00e9ges szakk\u00e9pzetts\u00e9g kimenetei (a <strong>szakm\u00e1k azonos\u00edt\u00f3 sz\u00e1ma \u00e9s megnevez\u00e9se<\/strong>)<\/td>\n<td width=\"35%\"><strong>A rendk\u00edv\u00fcli felv\u00e9teli elj\u00e1r\u00e1s keret\u00e9ben m\u00e9g felvehet\u0151 l\u00e9tsz\u00e1m<\/strong><\/td>\n<\/tr>\n<tr>\n<td width=\"8%\"><strong>3321<\/strong><\/td>\n<td width=\"55%\"><strong>Szakk\u00e9pz\u0151 iskola \u2013 \u00c9p\u00edt\u0151ipar \u00e1gazat<\/strong><\/p>\n<p>4 0732 06 05 <strong>Fest\u0151, m\u00e1zol\u00f3, tap\u00e9t\u00e1z\u00f3<\/strong><\/p>\n<p>4 0732 06 08 <strong>K\u0151m\u0171ves<\/strong><\/td>\n<td width=\"35%\">11<\/td>\n<\/tr>\n<tr>\n<td width=\"8%\"><strong>3322<\/strong><\/td>\n<td width=\"55%\"><strong>Szakk\u00e9pz\u0151 iskola \u2013 G\u00e9p\u00e9szet \u00e1gazat<\/strong><\/p>\n<p>4 0732 10 03 <strong>\u00c9p\u00fclet- \u00e9s szerkezetlakatos<\/strong><\/p>\n<p>4 0715 10 08 <strong>Hegeszt\u0151<\/strong><\/td>\n<td width=\"35%\">14<\/td>\n<\/tr>\n<tr>\n<td width=\"8%\"><strong>3323<\/strong><\/td>\n<td width=\"55%\"><strong>Szakk\u00e9pz\u0151 iskola \u2013 Kereskedelem \u00e1gazat<\/strong><\/p>\n<p>4 0416 13 02 <strong>Kereskedelmi \u00e9rt\u00e9kes\u00edt\u0151<\/strong><\/td>\n<td width=\"35%\">13<\/td>\n<\/tr>\n<tr>\n<td width=\"8%\"><strong>3324<\/strong><\/td>\n<td width=\"55%\"><strong>Szakk\u00e9pz\u0151 iskola \u2013 Mez\u0151gazdas\u00e1g \u00e9s erd\u00e9szet \u00e1gazat<\/strong><\/p>\n<p>4 0810 17 07<strong> Mez\u0151gazdas\u00e1gi g\u00e9p\u00e9sz<\/strong><\/td>\n<td width=\"35%\">17<\/td>\n<\/tr>\n<tr>\n<td width=\"8%\"><strong>3325<\/strong><\/td>\n<td width=\"55%\"><strong>Szakk\u00e9pz\u0151 iskola \u2013 Turizmus-vend\u00e9gl\u00e1t\u00e1s \u00e1gazat<\/strong><\/p>\n<p>4 1013 23 01 <strong>Cukr\u00e1sz<\/strong><\/p>\n<p>4 1013 23 04 <strong>Pinc\u00e9r-vend\u00e9gt\u00e9ri szakember<\/strong><\/p>\n<p>4 1013 23 05 <strong>Szak\u00e1cs<\/strong><\/td>\n<td width=\"35%\">14<\/td>\n<\/tr>\n<\/tbody>\n<\/table>\n<p><strong><em>A rendk\u00edv\u00fcli felv\u00e9teli elj\u00e1r\u00e1s sor\u00e1n a felh\u00edv\u00e1sunkhoz mell\u00e9kelt \u00faj jelentkez\u00e9si lapon lehet<\/em> jelentkezni az iskol\u00e1nkba! <\/strong>Egy jelentkez\u00e9si lapra t\u00f6bb tanulm\u00e1nyi ter\u00fclet k\u00f3dja is be\u00edrhat\u00f3.<\/p>\n<p>A jelentkez\u00e9si lapot, k\u00e9rj\u00fck, vagy postai \u00faton sz\u00edveskedjenek megk\u00fcldeni a Karcagi SZC <strong>Nagy L\u00e1szl\u00f3 Gimn\u00e1zium, Technikum \u00e9s Szakk\u00e9pz\u0151 Iskola, <\/strong>5340 Kunhegyes, Kossuth Lajos utca 15-17. c\u00edmre, vagy elektronikus \u00faton az <a href=\"mailto:igazgato@nlkhs.hu\">igazgato@nlkhs.hu<\/a> e-mail c\u00edmre.<\/p>\n<p>A be\u00e9rkez\u0151 jelentkez\u00e9sek elb\u00edr\u00e1l\u00e1s\u00e1t k\u00f6vet\u0151en hat\u00e1rozatban \u00e9rtes\u00edtj\u00fck tanul\u00f3inkat a rendk\u00edv\u00fcli felv\u00e9teli elj\u00e1r\u00e1s keret\u00e9ben beny\u00fajtott jelentkez\u00e9s\u00fck t\u00e1rgy\u00e1ban meghozott d\u00f6nt\u00e9s\u00fcnkr\u0151l.<\/p>\n<p>B\u00e1rmilyen tov\u00e1bbi k\u00e9rd\u00e9s eset\u00e9n \u00e1llunk sz\u00edves rendelkez\u00e9s\u00fckre e-mail el\u00e9rhet\u0151s\u00e9g\u00fcnk\u00f6n vagy az 59\/530-178-as telefonsz\u00e1mon.<\/p>\n<p>Kunhegyes, 2025. m\u00e1jus 12.<\/p>\n<p>Dr. P\u00e9nzes Istv\u00e1n<\/p>\n<p>igazgat\u00f3<\/p>\n<h3><a href=\"http:\/\/nlki.hu\/wp-content\/uploads\/2025\/05\/NagyL_Jelentkezesi-lap-rendk-felv-elj_2025_2026.docx\" target=\"_blank\" rel=\"noopener\">Let\u00f6lthet\u0151 jelentkez\u00e9si lap<\/a><\/h3>\n","protected":false},"excerpt":{"rendered":"<p>Tisztelt Sz\u00fcl\u0151k! Kedves Tanul\u00f3k! A Karcagi SZC Nagy L\u00e1szl\u00f3 Gimn\u00e1zium, Technikum \u00e9s Szakk\u00e9pz\u0151 Iskola rendk\u00edv\u00fcli felv\u00e9teli elj\u00e1r\u00e1st hirdet meg a 2025\/2026-os tan\u00e9vre. A rendk\u00edv\u00fcli felv\u00e9teli elj\u00e1r\u00e1s keret\u00e9ben v\u00e1runk minden olyan tanul\u00f3t, aki az \u00e1ltal\u00e1nos felv\u00e9teli elj\u00e1r\u00e1s id\u0151szak\u00e1ban nem nyert felv\u00e9telt egy k\u00f6z\u00e9pfok\u00fa int\u00e9zm\u00e9nybe sem, vagy felv\u00e9telt nyert ugyan egy k\u00f6z\u00e9piskol\u00e1ba, de szeretn\u00e9 megv\u00e1ltoztatni az iskolav\u00e1laszt\u00e1si [&hellip;]<\/p>\n","protected":false},"author":1,"featured_media":0,"comment_status":"closed","ping_status":"closed","sticky":false,"template":"","format":"standard","meta":{"ngg_post_thumbnail":0,"footnotes":""},"categories":[67],"tags":[],"class_list":["post-15351","post","type-post","status-publish","format-standard","hentry","category-hirek-esemenyek"],"_links":{"self":[{"href":"http:\/\/nlki.hu\/index.php?rest_route=\/wp\/v2\/posts\/15351","targetHints":{"allow":["GET"]}}],"collection":[{"href":"http:\/\/nlki.hu\/index.php?rest_route=\/wp\/v2\/posts"}],"about":[{"href":"http:\/\/nlki.hu\/index.php?rest_route=\/wp\/v2\/types\/post"}],"author":[{"embeddable":true,"href":"http:\/\/nlki.hu\/index.php?rest_route=\/wp\/v2\/users\/1"}],"replies":[{"embeddable":true,"href":"http:\/\/nlki.hu\/index.php?rest_route=%2Fwp%2Fv2%2Fcomments&post=15351"}],"version-history":[{"count":2,"href":"http:\/\/nlki.hu\/index.php?rest_route=\/wp\/v2\/posts\/15351\/revisions"}],"predecessor-version":[{"id":15357,"href":"http:\/\/nlki.hu\/index.php?rest_route=\/wp\/v2\/posts\/15351\/revisions\/15357"}],"wp:attachment":[{"href":"http:\/\/nlki.hu\/index.php?rest_route=%2Fwp%2Fv2%2Fmedia&parent=15351"}],"wp:term":[{"taxonomy":"category","embeddable":true,"href":"http:\/\/nlki.hu\/index.php?rest_route=%2Fwp%2Fv2%2Fcategories&post=15351"},{"taxonomy":"post_tag","embeddable":true,"href":"http:\/\/nlki.hu\/index.php?rest_route=%2Fwp%2Fv2%2Ftags&post=15351"}],"curies":[{"name":"wp","href":"https:\/\/api.w.org\/{rel}","templated":true}]}}