{"id":12230,"date":"2019-04-09T11:44:48","date_gmt":"2019-04-09T11:44:48","guid":{"rendered":"http:\/\/nlki.hu\/?p=12230"},"modified":"2019-04-09T11:47:04","modified_gmt":"2019-04-09T11:47:04","slug":"savaria-orszagos-tortenelemverseny","status":"publish","type":"post","link":"http:\/\/nlki.hu\/?p=12230","title":{"rendered":"Savaria Orsz\u00e1gos T\u00f6rt\u00e9nelemverseny"},"content":{"rendered":"<p>2019. janu\u00e1rj\u00e1ban az iskol\u00e1nkba j\u00e1r\u00f3 valamennyi 9-10. \u00e9vfolyamos gimnazista di\u00e1k r\u00e9szt vett az E\u00f6tv\u00f6s L\u00f3r\u00e1nd Tudom\u00e1nyegyetem \u00e1ltal meghirdetett <strong>Savaria Orsz\u00e1gos T\u00f6rt\u00e9nelemverseny iskolai fordul\u00f3j\u00e1ban<\/strong>. A megm\u00e9rettet\u00e9s els\u0151 fordul\u00f3j\u00e1ban a 9. \u00e9vfolyamnak az \u0151skort\u00f3l a Kr.u. 14-ig tart\u00f3 t\u00f6rt\u00e9nelmi korszakb\u00f3l kellett a tank\u00f6nyv seg\u00edts\u00e9g\u00e9vel k\u00e9sz\u00fclni. A 10. \u00e9vfolyamos tanul\u00f3k m\u00e1r a Kr.e. VI. sz\u00e1zadt\u00f3l eg\u00e9szen 1490-ig h\u00faz\u00f3d\u00f3 t\u00e9mak\u00f6r\u00f6kb\u0151l k\u00e9sz\u00fcltek.<\/p>\n<p>Az iskolai eredm\u00e9nyek alapj\u00e1n <strong>kiemelked\u0151 teljes\u00edtm\u00e9nyt \u00e9rt el Farag\u00f3 M\u00e1t\u00e9 10. A oszt\u00e1lyos gimnazista tanul\u00f3<\/strong>, aki a megszerezhet\u0151 <strong>100 pontb\u00f3l 82,5 pontot \u00e9rt el.<\/strong> Eredm\u00e9ny\u00e9vel tov\u00e1bbjutott a verseny 2. fordul\u00f3j\u00e1ba.<\/p>\n<p>A t\u00f6rt\u00e9nelmi verseny megyei fordul\u00f3j\u00e1ra <strong>2019. febru\u00e1r 7-\u00e9n ker\u00fclt sor Szolnokon. Farag\u00f3 M\u00e1t\u00e9 iskol\u00e1nkat k\u00e9pviselve 72 pontot el\u00e9rve J\u00e1sz-Nagykun Szolnok megy\u00e9ben a kiv\u00e1l\u00f3 3 helyez\u00e9st \u00e9rte el.<\/strong><\/p>\n<p><strong>Felk\u00e9sz\u00edt\u0151 tan\u00e1r: Moln\u00e1r D\u00e1vid<\/strong><\/p>\n<p><!--more--><\/p>\n<p>A megyei 3. helyez\u00e9shez gratul\u00e1lunk \u00e9s a tov\u00e1bbi versenyeken eredm\u00e9nyes szerepl\u00e9st k\u00edv\u00e1nunk.<\/p>\n<p><img loading=\"lazy\" decoding=\"async\" class=\"aligncenter wp-image-12231 size-large\" src=\"http:\/\/nlki.hu\/wp-content\/uploads\/2019\/04\/IMG_20190326_133144-1024x768.jpg\" alt=\"\" width=\"610\" height=\"458\" srcset=\"http:\/\/nlki.hu\/wp-content\/uploads\/2019\/04\/IMG_20190326_133144-1024x768.jpg 1024w, http:\/\/nlki.hu\/wp-content\/uploads\/2019\/04\/IMG_20190326_133144-300x225.jpg 300w\" sizes=\"auto, (max-width: 610px) 100vw, 610px\" \/><\/p>\n<p><img loading=\"lazy\" decoding=\"async\" class=\"aligncenter wp-image-12232 size-large\" src=\"http:\/\/nlki.hu\/wp-content\/uploads\/2019\/04\/IMG_20190326_133221-1024x768.jpg\" alt=\"\" width=\"610\" height=\"458\" srcset=\"http:\/\/nlki.hu\/wp-content\/uploads\/2019\/04\/IMG_20190326_133221-1024x768.jpg 1024w, http:\/\/nlki.hu\/wp-content\/uploads\/2019\/04\/IMG_20190326_133221-300x225.jpg 300w\" sizes=\"auto, (max-width: 610px) 100vw, 610px\" \/><\/p>\n","protected":false},"excerpt":{"rendered":"<p>2019. janu\u00e1rj\u00e1ban az iskol\u00e1nkba j\u00e1r\u00f3 valamennyi 9-10. \u00e9vfolyamos gimnazista di\u00e1k r\u00e9szt vett az E\u00f6tv\u00f6s L\u00f3r\u00e1nd Tudom\u00e1nyegyetem \u00e1ltal meghirdetett Savaria Orsz\u00e1gos T\u00f6rt\u00e9nelemverseny iskolai fordul\u00f3j\u00e1ban. A megm\u00e9rettet\u00e9s els\u0151 fordul\u00f3j\u00e1ban a 9. \u00e9vfolyamnak az \u0151skort\u00f3l a Kr.u. 14-ig tart\u00f3 t\u00f6rt\u00e9nelmi korszakb\u00f3l kellett a tank\u00f6nyv seg\u00edts\u00e9g\u00e9vel k\u00e9sz\u00fclni. A 10. \u00e9vfolyamos tanul\u00f3k m\u00e1r a Kr.e. VI. sz\u00e1zadt\u00f3l eg\u00e9szen 1490-ig h\u00faz\u00f3d\u00f3 [&hellip;]<\/p>\n","protected":false},"author":1,"featured_media":0,"comment_status":"closed","ping_status":"closed","sticky":false,"template":"","format":"standard","meta":{"ngg_post_thumbnail":0,"footnotes":""},"categories":[108,67],"tags":[],"class_list":["post-12230","post","type-post","status-publish","format-standard","hentry","category-eredmenyeink","category-hirek-esemenyek"],"_links":{"self":[{"href":"http:\/\/nlki.hu\/index.php?rest_route=\/wp\/v2\/posts\/12230","targetHints":{"allow":["GET"]}}],"collection":[{"href":"http:\/\/nlki.hu\/index.php?rest_route=\/wp\/v2\/posts"}],"about":[{"href":"http:\/\/nlki.hu\/index.php?rest_route=\/wp\/v2\/types\/post"}],"author":[{"embeddable":true,"href":"http:\/\/nlki.hu\/index.php?rest_route=\/wp\/v2\/users\/1"}],"replies":[{"embeddable":true,"href":"http:\/\/nlki.hu\/index.php?rest_route=%2Fwp%2Fv2%2Fcomments&post=12230"}],"version-history":[{"count":3,"href":"http:\/\/nlki.hu\/index.php?rest_route=\/wp\/v2\/posts\/12230\/revisions"}],"predecessor-version":[{"id":12235,"href":"http:\/\/nlki.hu\/index.php?rest_route=\/wp\/v2\/posts\/12230\/revisions\/12235"}],"wp:attachment":[{"href":"http:\/\/nlki.hu\/index.php?rest_route=%2Fwp%2Fv2%2Fmedia&parent=12230"}],"wp:term":[{"taxonomy":"category","embeddable":true,"href":"http:\/\/nlki.hu\/index.php?rest_route=%2Fwp%2Fv2%2Fcategories&post=12230"},{"taxonomy":"post_tag","embeddable":true,"href":"http:\/\/nlki.hu\/index.php?rest_route=%2Fwp%2Fv2%2Ftags&post=12230"}],"curies":[{"name":"wp","href":"https:\/\/api.w.org\/{rel}","templated":true}]}}