{"id":12031,"date":"2019-01-21T11:59:50","date_gmt":"2019-01-21T11:59:50","guid":{"rendered":"http:\/\/nlki.hu\/?p=12031"},"modified":"2025-07-29T07:55:52","modified_gmt":"2025-07-29T07:55:52","slug":"pedagogusaink","status":"publish","type":"post","link":"http:\/\/nlki.hu\/?p=12031","title":{"rendered":"F\u0151\u00e1ll\u00e1s\u00fa oktat\u00f3ink"},"content":{"rendered":"\r\n<p>&nbsp;<\/p>\r\n\r\n<p>&nbsp;<\/p>\r\n\r\n<table class=\"wp-block-table has-fixed-layout is-style-stripes\">\r\n<tbody>\r\n<tr>\r\n<td><img loading=\"lazy\" decoding=\"async\" class=\"aligncenter wp-image-5675\" src=\"http:\/\/nlki.hu\/wp-content\/uploads\/2011\/11\/P\u00e9nzes-Istv\u00e1n.jpg\" alt=\"\" width=\"131\" height=\"165\"><\/td>\r\n<td>Dr. P\u00e9nzes Istv\u00e1n&nbsp;<\/td>\r\n<td>igazgat\u00f3<\/td>\r\n<\/tr>\r\n<tr>\r\n<td>&nbsp;<\/td>\r\n<td>Kalicz S\u00e1ndor&nbsp;<\/td>\r\n<td>k\u00f6zismereti igazgat\u00f3helyettes, t\u00f6rt\u00e9nelem szakos oktat\u00f3<\/td>\r\n<\/tr>\r\n<tr>\r\n<td>&nbsp;<\/td>\r\n<td>Kelemen J\u00f3zsef&nbsp;<\/td>\r\n<td>szakk\u00e9pz\u00e9si <br>igazgat\u00f3helyettes, g\u00e9p\u00e9szm\u00e9rn\u00f6k tan\u00e1r<\/td>\r\n<\/tr>\r\n<tr>\r\n<td>&nbsp;<\/td>\r\n<td>Szatm\u00e1ri Zolt\u00e1n<\/td>\r\n<td>gyakorlati oktat\u00e1svezet\u0151, asztalos szakoktat\u00f3<\/td>\r\n<\/tr>\r\n<tr>\r\n<td>&nbsp;<\/td>\r\n<td>\u00c1cs Attila<\/td>\r\n<td>g\u00e9p\u00e9sz szakoktat\u00f3<\/td>\r\n<\/tr>\r\n<tr>\r\n<td><img loading=\"lazy\" decoding=\"async\" class=\"aligncenter wp-image-12050\" src=\"http:\/\/nlki.hu\/wp-content\/uploads\/2019\/01\/aa-681x1024.jpg\" alt=\"\" width=\"110\" height=\"165\" srcset=\"http:\/\/nlki.hu\/wp-content\/uploads\/2019\/01\/aa-681x1024.jpg 681w, http:\/\/nlki.hu\/wp-content\/uploads\/2019\/01\/aa-199x300.jpg 199w, http:\/\/nlki.hu\/wp-content\/uploads\/2019\/01\/aa.jpg 2000w\" sizes=\"auto, (max-width: 110px) 100vw, 110px\" \/><\/td>\r\n<td>Apostol Anita&nbsp;<\/td>\r\n<td>n\u00e9met nyelvtan\u00e1r<\/td>\r\n<\/tr>\r\n<tr>\r\n<td><img loading=\"lazy\" decoding=\"async\" class=\"aligncenter wp-image-8325\" src=\"http:\/\/nlki.hu\/wp-content\/uploads\/2018\/02\/DSC_0609.JPGret.JPGn_-655x1024.jpg\" alt=\"\" width=\"106\" height=\"165\" srcset=\"http:\/\/nlki.hu\/wp-content\/uploads\/2018\/02\/DSC_0609.JPGret.JPGn_-655x1024.jpg 655w, http:\/\/nlki.hu\/wp-content\/uploads\/2018\/02\/DSC_0609.JPGret.JPGn_-192x300.jpg 192w, http:\/\/nlki.hu\/wp-content\/uploads\/2018\/02\/DSC_0609.JPGret.JPGn_.jpg 1024w\" sizes=\"auto, (max-width: 106px) 100vw, 106px\" \/><\/td>\r\n<td>Baloghn\u00e9 Horv\u00e1th Judit&nbsp;<\/td>\r\n<td>f\u00f6ldrajz-t\u00f6rt\u00e9nelem szakos tan\u00e1r<\/td>\r\n<\/tr>\r\n<tr>\r\n<td>&nbsp;<\/td>\r\n<td>Bencsik J\u00e1nos&nbsp;<\/td>\r\n<td>g\u00e9p\u00e9szm\u00e9rn\u00f6k, m\u00e9rn\u00f6ktan\u00e1r<\/td>\r\n<\/tr>\r\n<tr>\r\n<td><img loading=\"lazy\" decoding=\"async\" class=\"aligncenter wp-image-12067\" src=\"http:\/\/nlki.hu\/wp-content\/uploads\/2019\/01\/0150qht99.jpg\" alt=\"\" width=\"110\" height=\"165\" srcset=\"http:\/\/nlki.hu\/wp-content\/uploads\/2019\/01\/0150qht99.jpg 267w, http:\/\/nlki.hu\/wp-content\/uploads\/2019\/01\/0150qht99-200x300.jpg 200w\" sizes=\"auto, (max-width: 110px) 100vw, 110px\" \/><\/td>\r\n<td>Bodz\u00e1sn\u00e9 Metzinger \u00c1gnes&nbsp;<\/td>\r\n<td>&nbsp;gy\u00f3gypedag\u00f3gus<\/td>\r\n<\/tr>\r\n<tr>\r\n<td><img loading=\"lazy\" decoding=\"async\" class=\"aligncenter wp-image-12051\" src=\"http:\/\/nlki.hu\/wp-content\/uploads\/2019\/01\/dedit-676x1024.jpg\" alt=\"\" width=\"110\" height=\"167\" srcset=\"http:\/\/nlki.hu\/wp-content\/uploads\/2019\/01\/dedit-676x1024.jpg 676w, http:\/\/nlki.hu\/wp-content\/uploads\/2019\/01\/dedit-198x300.jpg 198w, http:\/\/nlki.hu\/wp-content\/uploads\/2019\/01\/dedit.jpg 1188w\" sizes=\"auto, (max-width: 110px) 100vw, 110px\" \/><\/td>\r\n<td>Dienes Edit Ter\u00e9z&nbsp;<\/td>\r\n<td>magyar nyelv \u00e9s irodalom \u2013 k\u00f6nyvt\u00e1r szakos tan\u00e1r<\/td>\r\n<\/tr>\r\n<tr>\r\n<td>&nbsp;<\/td>\r\n<td>Dr. Cserniczkyn\u00e9 Katona Erika&nbsp;<\/td>\r\n<td>k\u00f6zgazd\u00e1sztan\u00e1r<\/td>\r\n<\/tr>\r\n<tr>\r\n<td>&nbsp;<\/td>\r\n<td>Erdei Barna&nbsp;<\/td>\r\n<td>asztalos szakoktat\u00f3<\/td>\r\n<\/tr>\r\n<tr>\r\n<td><img loading=\"lazy\" decoding=\"async\" class=\"aligncenter wp-image-12054\" src=\"http:\/\/nlki.hu\/wp-content\/uploads\/2019\/01\/0150qht17.jpg\" alt=\"\" width=\"110\" height=\"165\" srcset=\"http:\/\/nlki.hu\/wp-content\/uploads\/2019\/01\/0150qht17.jpg 267w, http:\/\/nlki.hu\/wp-content\/uploads\/2019\/01\/0150qht17-200x300.jpg 200w\" sizes=\"auto, (max-width: 110px) 100vw, 110px\" \/><\/td>\r\n<td>Feh\u00e9r Judit&nbsp;<\/td>\r\n<td>biol\u00f3gia-testnevel\u00e9s szakos tan\u00e1r<\/td>\r\n<\/tr>\r\n<tr>\r\n<td>&nbsp;<\/td>\r\n<td>Feh\u00e9rn\u00e9 Szendrei Ibolya<\/td>\r\n<td>k\u00f6zgazd\u00e1sz tan\u00e1r<\/td>\r\n<\/tr>\r\n<tr>\r\n<td>&nbsp;<\/td>\r\n<td>G\u0151beln\u00e9 Rezes Erzs\u00e9bet<\/td>\r\n<td>t\u00f6rt\u00e9nelem tan\u00e1r, orosz- n\u00e9met nyelvtan\u00e1r<\/td>\r\n<\/tr>\r\n<tr>\r\n<td><img loading=\"lazy\" decoding=\"async\" class=\"aligncenter wp-image-12065\" src=\"http:\/\/nlki.hu\/wp-content\/uploads\/2019\/01\/0150qht91.jpg\" alt=\"\" width=\"110\" height=\"165\" srcset=\"http:\/\/nlki.hu\/wp-content\/uploads\/2019\/01\/0150qht91.jpg 267w, http:\/\/nlki.hu\/wp-content\/uploads\/2019\/01\/0150qht91-200x300.jpg 200w\" sizes=\"auto, (max-width: 110px) 100vw, 110px\" \/><\/td>\r\n<td>Yasa Nikoletta<\/td>\r\n<td>angoltan\u00e1r, magyartan\u00e1r<\/td>\r\n<\/tr>\r\n<tr>\r\n<td>&nbsp;<\/td>\r\n<td>Hars\u00e1nyi Orsolya<\/td>\r\n<td>angol szakos tan\u00e1r<\/td>\r\n<\/tr>\r\n<tr>\r\n<td>&nbsp;<\/td>\r\n<td>Herceg Nat\u00e1lia<\/td>\r\n<td>angol szakos tan\u00e1r<\/td>\r\n<\/tr>\r\n<tr>\r\n<td><img loading=\"lazy\" decoding=\"async\" class=\"aligncenter wp-image-12068\" src=\"http:\/\/nlki.hu\/wp-content\/uploads\/2021\/04\/Hubai_Erika.jpg\" alt=\"\" width=\"110\" height=\"165\"><\/td>\r\n<td>Hubai Erzs\u00e9bet Erika&nbsp;<\/td>\r\n<td>szak\u00e1cs szakoktat\u00f3<\/td>\r\n<\/tr>\r\n<tr>\r\n<td><img loading=\"lazy\" decoding=\"async\" class=\"aligncenter wp-image-12057\" src=\"http:\/\/nlki.hu\/wp-content\/uploads\/2019\/01\/0150qht35.jpg\" alt=\"\" width=\"110\" height=\"165\" srcset=\"http:\/\/nlki.hu\/wp-content\/uploads\/2019\/01\/0150qht35.jpg 267w, http:\/\/nlki.hu\/wp-content\/uploads\/2019\/01\/0150qht35-200x300.jpg 200w\" sizes=\"auto, (max-width: 110px) 100vw, 110px\" \/><\/td>\r\n<td>&nbsp;Kiss J\u00e1nos<\/td>\r\n<td>&nbsp;testnevel\u0151 tan\u00e1r&nbsp;<\/td>\r\n<\/tr>\r\n<tr>\r\n<td>&nbsp;<\/td>\r\n<td>&nbsp;Kom\u00e1romi R\u00f3bert<\/td>\r\n<td>&nbsp;asztalos szakoktat\u00f3<\/td>\r\n<\/tr>\r\n<tr>\r\n<td>&nbsp;<\/td>\r\n<td>&nbsp;Lendvay Dezs\u0151<\/td>\r\n<td>fizika-technika szakos tan\u00e1r<\/td>\r\n<\/tr>\r\n<tr>\r\n<td>&nbsp;<\/td>\r\n<td>M\u00e1t\u00e9 Katalin<\/td>\r\n<td>pinc\u00e9r-szak\u00e1cs szakoktat\u00f3<\/td>\r\n<\/tr>\r\n<tr>\r\n<td><img loading=\"lazy\" decoding=\"async\" class=\"aligncenter wp-image-12064\" src=\"http:\/\/nlki.hu\/wp-content\/uploads\/2019\/01\/0150qht85.jpg\" alt=\"\" width=\"110\" height=\"165\" srcset=\"http:\/\/nlki.hu\/wp-content\/uploads\/2019\/01\/0150qht85.jpg 267w, http:\/\/nlki.hu\/wp-content\/uploads\/2019\/01\/0150qht85-200x300.jpg 200w\" sizes=\"auto, (max-width: 110px) 100vw, 110px\" \/><\/td>\r\n<td>&nbsp;Moln\u00e1r D\u00e1vid<\/td>\r\n<td>t\u00f6rt\u00e9nelem szakos tan\u00e1r<\/td>\r\n<\/tr>\r\n<tr>\r\n<td><img loading=\"lazy\" decoding=\"async\" class=\"aligncenter wp-image-12052\" src=\"http:\/\/nlki.hu\/wp-content\/uploads\/2019\/01\/mmariann-706x1024.jpg\" alt=\"\" width=\"110\" height=\"160\" srcset=\"http:\/\/nlki.hu\/wp-content\/uploads\/2019\/01\/mmariann-706x1024.jpg 706w, http:\/\/nlki.hu\/wp-content\/uploads\/2019\/01\/mmariann-207x300.jpg 207w, http:\/\/nlki.hu\/wp-content\/uploads\/2019\/01\/mmariann.jpg 816w\" sizes=\"auto, (max-width: 110px) 100vw, 110px\" \/><\/td>\r\n<td>Munk\u00e1csy Marianna<\/td>\r\n<td>&nbsp;vegy\u00e9sz, matematika-k\u00e9mia szakos tan\u00e1r<\/td>\r\n<\/tr>\r\n<tr>\r\n<td><img loading=\"lazy\" decoding=\"async\" class=\"aligncenter wp-image-12058\" src=\"http:\/\/nlki.hu\/wp-content\/uploads\/2019\/01\/0150qht38.jpg\" alt=\"\" width=\"110\" height=\"165\" srcset=\"http:\/\/nlki.hu\/wp-content\/uploads\/2019\/01\/0150qht38.jpg 267w, http:\/\/nlki.hu\/wp-content\/uploads\/2019\/01\/0150qht38-200x300.jpg 200w\" sizes=\"auto, (max-width: 110px) 100vw, 110px\" \/><\/td>\r\n<td>Nagyn\u00e9 Moln\u00e1r Erzs\u00e9bet<\/td>\r\n<td>testnevel\u00e9s-matematika szakos tan\u00e1r<\/td>\r\n<\/tr>\r\n<tr>\r\n<td>&nbsp;<\/td>\r\n<td>Papp J\u00e1nos L\u00e1szl\u00f3<\/td>\r\n<td>informatika tan\u00e1r<\/td>\r\n<\/tr>\r\n<tr>\r\n<td>&nbsp;<\/td>\r\n<td>R\u00e9p\u00e1szkyn\u00e9 Bene Katalin<\/td>\r\n<td>cukr\u00e1sz szakoktat\u00f3<\/td>\r\n<\/tr>\r\n<tr>\r\n<td><img loading=\"lazy\" decoding=\"async\" class=\"aligncenter wp-image-12098\" src=\"http:\/\/nlki.hu\/wp-content\/uploads\/2019\/01\/541333_486126401436607_280604344_n.jpg\" alt=\"\" width=\"110\" height=\"165\" srcset=\"http:\/\/nlki.hu\/wp-content\/uploads\/2019\/01\/541333_486126401436607_280604344_n.jpg 401w, http:\/\/nlki.hu\/wp-content\/uploads\/2019\/01\/541333_486126401436607_280604344_n-201x300.jpg 201w\" sizes=\"auto, (max-width: 110px) 100vw, 110px\" \/><\/td>\r\n<td>Rost\u00e1sn\u00e9 Horv\u00e1th Alexandra Franciska<\/td>\r\n<td>k\u00f6zgazd\u00e1sztan\u00e1r&nbsp;<\/td>\r\n<\/tr>\r\n<tr>\r\n<td>&nbsp;<\/td>\r\n<td>S\u00f3s J\u00e1nos<\/td>\r\n<td>testnevel\u0151 tan\u00e1r<\/td>\r\n<\/tr>\r\n<tr>\r\n<td><img loading=\"lazy\" decoding=\"async\" class=\"aligncenter wp-image-12063\" src=\"http:\/\/nlki.hu\/wp-content\/uploads\/2019\/01\/0150qht82.jpg\" alt=\"\" width=\"110\" height=\"165\" srcset=\"http:\/\/nlki.hu\/wp-content\/uploads\/2019\/01\/0150qht82.jpg 267w, http:\/\/nlki.hu\/wp-content\/uploads\/2019\/01\/0150qht82-200x300.jpg 200w\" sizes=\"auto, (max-width: 110px) 100vw, 110px\" \/><\/td>\r\n<td>S\u0151tin\u00e9 Kov\u00e1cs Katalin<\/td>\r\n<td>vend\u00e9gl\u00e1t\u00f3ipari \u00fczemgazd\u00e1sz<\/td>\r\n<\/tr>\r\n<tr>\r\n<td>&nbsp;<\/td>\r\n<td>Szab\u00f3 Gy\u00f6rgyi Di\u00e1na&nbsp;<\/td>\r\n<td>pinc\u00e9r szakoktat\u00f3<\/td>\r\n<\/tr>\r\n<tr>\r\n<td>&nbsp;<\/td>\r\n<td>Szab\u00f3 Ilona&nbsp;<\/td>\r\n<td>kereskedelem \u00e1gazati oktat\u00f3<\/td>\r\n<\/tr>\r\n<tr>\r\n<td><img loading=\"lazy\" decoding=\"async\" class=\"aligncenter wp-image-12071\" src=\"http:\/\/nlki.hu\/wp-content\/uploads\/2019\/01\/Sz\u0171cs_L\u00f3r\u00e1nt.jpg\" alt=\"\" width=\"119\" height=\"154\" srcset=\"http:\/\/nlki.hu\/wp-content\/uploads\/2019\/01\/Sz\u0171cs_L\u00f3r\u00e1nt.jpg 436w, http:\/\/nlki.hu\/wp-content\/uploads\/2019\/01\/Sz\u0171cs_L\u00f3r\u00e1nt-232x300.jpg 232w\" sizes=\"auto, (max-width: 119px) 100vw, 119px\" \/><\/td>\r\n<td>Sz\u0171cs L\u00f3r\u00e1nt<\/td>\r\n<td>matematika, fizika, informatika szakos tan\u00e1r<\/td>\r\n<\/tr>\r\n<tr>\r\n<td>&nbsp;<\/td>\r\n<td>Tremln\u00e9 B\u00e1nhalmi Eszter<\/td>\r\n<td>informatika szakos tan\u00e1r<\/td>\r\n<\/tr>\r\n<tr>\r\n<td>&nbsp;<\/td>\r\n<td>Turi Elek<\/td>\r\n<td>asztalos szakoktat\u00f3<\/td>\r\n<\/tr>\r\n<\/tbody>\r\n<\/table>\r\n\r\n\r\n\r\n<p>&nbsp;<\/p>\r\n","protected":false},"excerpt":{"rendered":"<p>&nbsp; &nbsp; Dr. P\u00e9nzes Istv\u00e1n&nbsp; igazgat\u00f3 &nbsp; Kalicz S\u00e1ndor&nbsp; k\u00f6zismereti igazgat\u00f3helyettes, t\u00f6rt\u00e9nelem szakos oktat\u00f3 &nbsp; Kelemen J\u00f3zsef&nbsp; szakk\u00e9pz\u00e9si igazgat\u00f3helyettes, g\u00e9p\u00e9szm\u00e9rn\u00f6k tan\u00e1r &nbsp; Szatm\u00e1ri Zolt\u00e1n gyakorlati oktat\u00e1svezet\u0151, asztalos szakoktat\u00f3 &nbsp; \u00c1cs Attila g\u00e9p\u00e9sz szakoktat\u00f3 Apostol Anita&nbsp; n\u00e9met nyelvtan\u00e1r Baloghn\u00e9 Horv\u00e1th Judit&nbsp; f\u00f6ldrajz-t\u00f6rt\u00e9nelem szakos tan\u00e1r &nbsp; Bencsik J\u00e1nos&nbsp; g\u00e9p\u00e9szm\u00e9rn\u00f6k, m\u00e9rn\u00f6ktan\u00e1r Bodz\u00e1sn\u00e9 Metzinger \u00c1gnes&nbsp; &nbsp;gy\u00f3gypedag\u00f3gus Dienes Edit Ter\u00e9z&nbsp; [&hellip;]<\/p>\n","protected":false},"author":1,"featured_media":0,"comment_status":"closed","ping_status":"closed","sticky":false,"template":"","format":"standard","meta":{"ngg_post_thumbnail":0,"footnotes":""},"categories":[1],"tags":[],"class_list":["post-12031","post","type-post","status-publish","format-standard","hentry","category-egyeb"],"_links":{"self":[{"href":"http:\/\/nlki.hu\/index.php?rest_route=\/wp\/v2\/posts\/12031","targetHints":{"allow":["GET"]}}],"collection":[{"href":"http:\/\/nlki.hu\/index.php?rest_route=\/wp\/v2\/posts"}],"about":[{"href":"http:\/\/nlki.hu\/index.php?rest_route=\/wp\/v2\/types\/post"}],"author":[{"embeddable":true,"href":"http:\/\/nlki.hu\/index.php?rest_route=\/wp\/v2\/users\/1"}],"replies":[{"embeddable":true,"href":"http:\/\/nlki.hu\/index.php?rest_route=%2Fwp%2Fv2%2Fcomments&post=12031"}],"version-history":[{"count":45,"href":"http:\/\/nlki.hu\/index.php?rest_route=\/wp\/v2\/posts\/12031\/revisions"}],"predecessor-version":[{"id":15376,"href":"http:\/\/nlki.hu\/index.php?rest_route=\/wp\/v2\/posts\/12031\/revisions\/15376"}],"wp:attachment":[{"href":"http:\/\/nlki.hu\/index.php?rest_route=%2Fwp%2Fv2%2Fmedia&parent=12031"}],"wp:term":[{"taxonomy":"category","embeddable":true,"href":"http:\/\/nlki.hu\/index.php?rest_route=%2Fwp%2Fv2%2Fcategories&post=12031"},{"taxonomy":"post_tag","embeddable":true,"href":"http:\/\/nlki.hu\/index.php?rest_route=%2Fwp%2Fv2%2Ftags&post=12031"}],"curies":[{"name":"wp","href":"https:\/\/api.w.org\/{rel}","templated":true}]}}